{"id":675,"date":"2023-01-19T15:20:16","date_gmt":"2023-01-19T14:20:16","guid":{"rendered":"https:\/\/italiaue.esteri.it\/news\/dalla_rappresentanza\/2023\/01\/il-ministro-raffaele-fitto-incontra\/"},"modified":"2023-03-28T14:06:27","modified_gmt":"2023-03-28T12:06:27","slug":"il-ministro-raffaele-fitto-incontra","status":"publish","type":"post","link":"https:\/\/italiaue.esteri.it\/it\/news\/dalla_rappresentanza\/2023\/01\/il-ministro-raffaele-fitto-incontra\/","title":{"rendered":"Il Ministro Raffaele Fitto incontra i Commissari Ferreira, Breton e la Vice Presidente Vestager"},"content":{"rendered":"<p>Il Ministro per gli Affari europei, le politiche di coesione e il PNRR Raffaele Fitto si \u00e8 recato a Bruxelles oggi gioved\u00ec 19 gennaio per una serie di incontri presso la Commissione europea.<\/p>\n<p>Il Ministro Fitto ha incontrato la Commissaria europea per la Politica regionale Elisa Ferreira per uno scambio di vedute sulla politica di coesione e sulle opportunit\u00e0 per poter sfruttare al meglio e in tempi rapidi i fondi disponibili.<\/p>\n<p>Il Ministro ha poi avuto un incontro con il Commissario europeo per il mercato interno Thierry Breton dedicato ai temi dell&#8217;autonomia strategica e della competitivit\u00e0 dell&#8217;industria italiana ed europea.<\/p>\n<p>Il Ministro Fitto ha infine incontrato la Vice Presidente della Commissione e Commissaria alla Competitivit\u00e0 Margrethe Vestager per affrontare le tematiche dell&#8217;integrit\u00e0 del mercato interno e della parit\u00e0 di condizioni all&#8217;interno dell&#8217;Unione.<\/p>\n","protected":false},"excerpt":{"rendered":"Il Ministro per gli Affari europei, le politiche di coesione e il PNRR Raffaele Fitto si \u00e8 recato a Bruxelles oggi gioved\u00ec 19 gennaio per una serie di incontri presso la Commissione europea. Il Ministro Fitto ha incontrato la Commissaria europea per la Politica regionale Elisa Ferreira per uno scambio di vedute sulla politica di [&hellip;]","protected":false},"author":1,"featured_media":1019,"comment_status":"closed","ping_status":"closed","sticky":false,"template":"","format":"standard","meta":{"footnotes":""},"tags":[],"class_list":["post-675","post","type-post","status-publish","format-standard","has-post-thumbnail","hentry"],"_links":{"self":[{"href":"https:\/\/italiaue.esteri.it\/it\/wp-json\/wp\/v2\/posts\/675","targetHints":{"allow":["GET"]}}],"collection":[{"href":"https:\/\/italiaue.esteri.it\/it\/wp-json\/wp\/v2\/posts"}],"about":[{"href":"https:\/\/italiaue.esteri.it\/it\/wp-json\/wp\/v2\/types\/post"}],"author":[{"embeddable":true,"href":"https:\/\/italiaue.esteri.it\/it\/wp-json\/wp\/v2\/users\/1"}],"replies":[{"embeddable":true,"href":"https:\/\/italiaue.esteri.it\/it\/wp-json\/wp\/v2\/comments?post=675"}],"version-history":[{"count":0,"href":"https:\/\/italiaue.esteri.it\/it\/wp-json\/wp\/v2\/posts\/675\/revisions"}],"wp:featuredmedia":[{"embeddable":true,"href":"https:\/\/italiaue.esteri.it\/it\/wp-json\/wp\/v2\/media\/1019"}],"wp:attachment":[{"href":"https:\/\/italiaue.esteri.it\/it\/wp-json\/wp\/v2\/media?parent=675"}],"wp:term":[{"taxonomy":"post_tag","embeddable":true,"href":"https:\/\/italiaue.esteri.it\/it\/wp-json\/wp\/v2\/tags?post=675"}],"curies":[{"name":"wp","href":"https:\/\/api.w.org\/{rel}","templated":true}]}}