{"id":983,"date":"2012-10-10T08:17:36","date_gmt":"2012-10-10T06:17:36","guid":{"rendered":"https:\/\/italiaue.esteri.it\/news\/dalla_rappresentanza\/2012\/10\/ecofin-09102012-2\/"},"modified":"2012-10-10T08:17:36","modified_gmt":"2012-10-10T06:17:36","slug":"ecofin-09102012-2","status":"publish","type":"post","link":"https:\/\/italiaue.esteri.it\/fr\/news\/dalla_rappresentanza\/2012\/10\/ecofin-09102012-2\/","title":{"rendered":"CONCLUSIONS DU CONSEIL ECOFIN, BRUXELLES, 27 JANVIER 2015"},"content":{"rendered":"<p><P><STRONG>Plan d&#8217;investissement pour l&#8217;Europe<\/STRONG>\u00a0 <BR><BR>Le Conseil a examin\u00e9 une proposition visant \u00e0 cr\u00e9er un Fonds europ\u00e9en pour les investissements strat\u00e9giques, qui devrait mobiliser au moins 315 milliards d&#8217;euros d&#8217;investissements priv\u00e9s et publics.\u00a0 <BR>La pr\u00e9sidence a confirm\u00e9 les projets visant \u00e0 parvenir \u00e0 un accord en mars 2015, de fa\u00e7on \u00e0 permettre de nouveaux investissements d\u00e8s la mi-2015.\u00a0 <BR>&#8220;Cette proposition constitue la pi\u00e8ce ma\u00eetresse du plan d&#8217;investissement pour l&#8217;Europe et une priorit\u00e9 importante pour la pr\u00e9sidence lettone&#8221;, a d\u00e9clar\u00e9 J\u0101nis Reirs, ministre letton des finances et pr\u00e9sident du Conseil. &#8220;Le d\u00e9lai fix\u00e9 par le Conseil europ\u00e9en est ambitieux, mais nous sommes persuad\u00e9s de pouvoir le respecter.&#8221;\u00a0 <BR><STRONG><BR><BR>Assistance macrofinanci\u00e8re \u00e0 l&#8217;Ukraine<\/STRONG>\u00a0 <BR><BR>Les ministres ont examin\u00e9 une proposition de la Commission visant \u00e0 attribuer une assistance macrofinanci\u00e8re \u00e0 l&#8217;Ukraine d&#8217;un montant maximal de 1,8 milliard d&#8217;euros. La pr\u00e9sidence a conclu qu&#8217;une d\u00e9cision devait \u00eatre prise rapidement.\u00a0 <BR>&#8220;Compte tenu des d\u00e9veloppements politiques, l&#8217;UE doit \u00eatre en mesure d&#8217;apporter une assistance&#8221;, a d\u00e9clar\u00e9 M. Reirs.\u00a0<BR>L&#8217;assistance serait fournie sous la forme de pr\u00eats \u00e0 moyen terme, vers\u00e9s en trois tranches. Elle aiderait l&#8217;Ukraine \u00e0 couvrir ses besoins de financement ext\u00e9rieur \u00e0 satisfaire en 2015 et 2016.\u00a0 <BR><BR><BR><STRONG>Blanchiment d&#8217;argent et financement du terrorisme<\/STRONG>\u00a0 <BR><BR>Le Conseil a approuv\u00e9 un accord intervenu avec le Parlement europ\u00e9en sur de nouvelles r\u00e8gles visant \u00e0 pr\u00e9venir le blanchiment d&#8217;argent et le financement du terrorisme.\u00a0 <BR>La pr\u00e9sidence a trouv\u00e9 un accord avec le Parlement en d\u00e9cembre 2014. L&#8217;approbation de ce r\u00e9sultat ouvre la voie \u00e0 l&#8217;adoption du train de mesures en deuxi\u00e8me lecture.\u00a0 <BR>\u00c0 la suite des attaques terroristes qui ont r\u00e9cemment \u00e9t\u00e9 perp\u00e9tr\u00e9es \u00e0 Paris, le Conseil et la Commission ont marqu\u00e9 leur accord sur une d\u00e9claration insistant sur la n\u00e9cessit\u00e9 de prendre des mesures d\u00e9cisives contre le financement du terrorisme.\u00a0<BR><BR>Pour renforcer l&#8217;efficacit\u00e9 des nouvelles r\u00e8gles, les signataires de la d\u00e9claration appellent \u00e0 poursuivre les efforts en vue:<BR>&#8211;\u00a0 d&#8217;acc\u00e9l\u00e9rer la mise en \u0153uvre de ces r\u00e8gles au niveau national;<BR>&#8211;\u00a0 de renforcer la coop\u00e9ration concernant le financement du terrorisme entre les cellules de renseignement financier des \u00c9tats membres;<BR>&#8211;\u00a0 de faire face aux risques en mati\u00e8re de financement du terrorisme dans le cadre d&#8217;une \u00e9valuation supranationale des risques au niveau de l&#8217;UE.\u00a0 <BR><BR><BR><STRONG>S&#8217;attaquer \u00e0 l&#8217;\u00e9vasion fiscale des entreprises<\/STRONG>\u00a0 <BR>Le Conseil a modifi\u00e9 la directive &#8220;soci\u00e9t\u00e9s m\u00e8res\u2011filiales&#8221; de l&#8217;UE, en y introduisant une clause anti\u2011abus afin de pr\u00e9venir l&#8217;\u00e9vasion fiscale et la planification fiscale agressive des groupes d&#8217;entreprises.\u00a0 <BR>L&#8217;objectif est de mettre un terme \u00e0 l&#8217;utilisation d\u00e9tourn\u00e9e de la directive et d&#8217;assurer une plus grande coh\u00e9rence dans son application par les diff\u00e9rents \u00c9tats membres. La clause anti\u2011abus emp\u00eachera les \u00c9tats membres d&#8217;accorder les avantages de la directive \u00e0 des montages &#8220;non authentiques&#8221;, c&#8217;est\u2011\u00e0\u2011dire mis en place pour obtenir un avantage fiscal et ne reposant sur aucune r\u00e9alit\u00e9 \u00e9conomique.\u00a0 <BR>&#8220;Il s&#8217;agit du deuxi\u00e8me changement important que nous avons apport\u00e9 \u00e0 la directive &#8220;soci\u00e9t\u00e9s m\u00e8res\u2011filiales&#8221;&#8221;, a d\u00e9clar\u00e9 M. Reirs. &#8220;La lutte contre l&#8217;\u00e9vasion fiscale des multinationales figure au premier rang des priorit\u00e9s tant pour l&#8217;UE qu&#8217;au niveau international&#8221;.<BR><BR><BR><A href=\"http:\/\/www.consilium.europa.eu\/fr\/meetings\/ecofin\/2015\/01\/27\/\">\u00a0Page du Conseil de l&#8217;UE sur les <\/A>c<A href=\"http:\/\/www.consilium.europa.eu\/fr\/meetings\/ecofin\/2015\/01\/27\/\">onclusions du\u00a0<\/A><A href=\"http:\/\/www.consilium.europa.eu\/fr\/meetings\/ecofin\/2015\/01\/27\/\">Conseil Ecofin, Bruxelles, 27 janvier 2014<\/A><BR><BR>(source du texte: Conseil de l&#8217;Union Europ\u00e8enne)<\/P><\/p>\n","protected":false},"excerpt":{"rendered":"Plan d&#8217;investissement pour l&#8217;Europe\u00a0 Le Conseil a examin\u00e9 une proposition visant \u00e0 cr\u00e9er un Fonds europ\u00e9en pour les investissements strat\u00e9giques, qui devrait mobiliser au moins 315 milliards d&#8217;euros d&#8217;investissements priv\u00e9s et publics.\u00a0 La pr\u00e9sidence a confirm\u00e9 les projets visant \u00e0 parvenir \u00e0 un accord en mars 2015, de fa\u00e7on \u00e0 permettre de nouveaux investissements d\u00e8s [&hellip;]","protected":false},"author":1,"featured_media":0,"comment_status":"","ping_status":"","sticky":false,"template":"","format":"standard","meta":{"footnotes":""},"tags":[],"class_list":["post-983","post","type-post","status-publish","format-standard","hentry"],"_links":{"self":[{"href":"https:\/\/italiaue.esteri.it\/fr\/wp-json\/wp\/v2\/posts\/983","targetHints":{"allow":["GET"]}}],"collection":[{"href":"https:\/\/italiaue.esteri.it\/fr\/wp-json\/wp\/v2\/posts"}],"about":[{"href":"https:\/\/italiaue.esteri.it\/fr\/wp-json\/wp\/v2\/types\/post"}],"author":[{"embeddable":true,"href":"https:\/\/italiaue.esteri.it\/fr\/wp-json\/wp\/v2\/users\/1"}],"replies":[{"embeddable":true,"href":"https:\/\/italiaue.esteri.it\/fr\/wp-json\/wp\/v2\/comments?post=983"}],"version-history":[{"count":0,"href":"https:\/\/italiaue.esteri.it\/fr\/wp-json\/wp\/v2\/posts\/983\/revisions"}],"wp:attachment":[{"href":"https:\/\/italiaue.esteri.it\/fr\/wp-json\/wp\/v2\/media?parent=983"}],"wp:term":[{"taxonomy":"post_tag","embeddable":true,"href":"https:\/\/italiaue.esteri.it\/fr\/wp-json\/wp\/v2\/tags?post=983"}],"curies":[{"name":"wp","href":"https:\/\/api.w.org\/{rel}","templated":true}]}}