{"id":739,"date":"2021-08-04T15:14:14","date_gmt":"2021-08-04T13:14:14","guid":{"rendered":"https:\/\/italiaue.esteri.it\/news\/dalla_rappresentanza\/2021\/08\/lavoro-ok-della-comm-ue-a-decreto-2\/"},"modified":"2021-08-04T15:14:14","modified_gmt":"2021-08-04T13:14:14","slug":"lavoro-ok-della-comm-ue-a-decreto-2","status":"publish","type":"post","link":"https:\/\/italiaue.esteri.it\/fr\/news\/dalla_rappresentanza\/2021\/08\/lavoro-ok-della-comm-ue-a-decreto-2\/","title":{"rendered":"EMPLOI : FEU VERT DE LA COMMISSION EUROP\u00c9ENNE A&#8217; L&#8217;EXEMPTION DES COTISATIONS DES SECTEURS DU TOURISME, DES SPAS, DU COMMERCE ET DES SECTEURS CR\u00c9ATIF, CULTUREL ET DU DIVERTISSEMENT"},"content":{"rendered":"<p>\u00ab \u00c0 la suite d&#8217;un dialogue intense avec le minist\u00e8re du Travail et des Politiques sociales et gr\u00e2ce au soutien de la Repr\u00e9sentation italienne \u00e0 Bruxelles, la Commission europ\u00e9enne a approuv\u00e9, conform\u00e9ment \u00e0 la l\u00e9gislation de l&#8217;UE sur les aides d&#8217;\u00c9tat, l&#8217;exemption de cotisations par le d\u00e9cret-loi Sostegni-bis en faveur des employeurs priv\u00e9s op\u00e9rant dans les secteurs du tourisme, des spas, du commerce, ainsi que dans les secteurs de la cr\u00e9ation, de la culture et du divertissement, particuli\u00e8rement touch\u00e9s par les effets \u00e9conomiques li\u00e9s \u00e0 l&#8217;urgence \u00e9pid\u00e9miologique en cours.<\/p>\n<p>L&#8217;aide vise \u00e0 pr\u00e9server les niveaux d&#8217;emploi par la reconnaissance de l&#8217;exon\u00e9ration du paiement des cotisations sociales, due du 25 mai au 31 d\u00e9cembre 2021, dans une mesure n&#8217;exc\u00e9dant pas le double des heures d&#8217;insertion salariale pratiqu\u00e9es en janvier, f\u00e9vrier et mars 2021. La Commission a estim\u00e9 que la mesure \u00e9tait ad\u00e9quate, proportionn\u00e9e et n\u00e9cessaire pour rem\u00e9dier \u00e0 la perturbation grave de l&#8217;\u00e9conomie du pays, conform\u00e9ment au trait\u00e9 sur le fonctionnement de l&#8217;Union europ\u00e9enne et aux conditions \u00e9tablies dans l&#8217;encadrement temporaire des aides d&#8217;\u00c9tat &#8220;.<\/p>\n<p>Le communiqu\u00e9 de presse (en italien) <a href=\"https:\/\/www.lavoro.gov.it\/stampa-e-media\/Comunicati\/Pagine\/Lavoro-Commissione-EU-autorizza-decontribuzione-settori-del-turismo-degli-stabilimenti-termali-del-commercio-e-spettacolo.aspx\">est disponible ici<\/a>.<\/p>\n<p>Traduction de corutoisie &#8211; seul le texte italien fait foi.<\/p>\n","protected":false},"excerpt":{"rendered":"\u00ab \u00c0 la suite d&#8217;un dialogue intense avec le minist\u00e8re du Travail et des Politiques sociales et gr\u00e2ce au soutien de la Repr\u00e9sentation italienne \u00e0 Bruxelles, la Commission europ\u00e9enne a approuv\u00e9, conform\u00e9ment \u00e0 la l\u00e9gislation de l&#8217;UE sur les aides d&#8217;\u00c9tat, l&#8217;exemption de cotisations par le d\u00e9cret-loi Sostegni-bis en faveur des employeurs priv\u00e9s op\u00e9rant dans [&hellip;]","protected":false},"author":1,"featured_media":0,"comment_status":"","ping_status":"","sticky":false,"template":"","format":"standard","meta":{"footnotes":""},"tags":[],"class_list":["post-739","post","type-post","status-publish","format-standard","hentry"],"_links":{"self":[{"href":"https:\/\/italiaue.esteri.it\/fr\/wp-json\/wp\/v2\/posts\/739","targetHints":{"allow":["GET"]}}],"collection":[{"href":"https:\/\/italiaue.esteri.it\/fr\/wp-json\/wp\/v2\/posts"}],"about":[{"href":"https:\/\/italiaue.esteri.it\/fr\/wp-json\/wp\/v2\/types\/post"}],"author":[{"embeddable":true,"href":"https:\/\/italiaue.esteri.it\/fr\/wp-json\/wp\/v2\/users\/1"}],"replies":[{"embeddable":true,"href":"https:\/\/italiaue.esteri.it\/fr\/wp-json\/wp\/v2\/comments?post=739"}],"version-history":[{"count":0,"href":"https:\/\/italiaue.esteri.it\/fr\/wp-json\/wp\/v2\/posts\/739\/revisions"}],"wp:attachment":[{"href":"https:\/\/italiaue.esteri.it\/fr\/wp-json\/wp\/v2\/media?parent=739"}],"wp:term":[{"taxonomy":"post_tag","embeddable":true,"href":"https:\/\/italiaue.esteri.it\/fr\/wp-json\/wp\/v2\/tags?post=739"}],"curies":[{"name":"wp","href":"https:\/\/api.w.org\/{rel}","templated":true}]}}