{"id":682,"date":"2022-11-04T11:23:07","date_gmt":"2022-11-04T10:23:07","guid":{"rendered":"https:\/\/italiaue.esteri.it\/news\/dalla_rappresentanza\/2022\/11\/il-presidente-del-consiglio-giorgia-2\/"},"modified":"2022-11-04T11:23:07","modified_gmt":"2022-11-04T10:23:07","slug":"il-presidente-del-consiglio-giorgia-2","status":"publish","type":"post","link":"https:\/\/italiaue.esteri.it\/fr\/news\/dalla_rappresentanza\/2022\/11\/il-presidente-del-consiglio-giorgia-2\/","title":{"rendered":"PR\u00c9SIDENT DU CONSEIL DES MINISTRES GIORGIA MELONI \u00c0 BRUXELLES"},"content":{"rendered":"<p>Le Pr\u00e9sident du Conseil des ministres Giorgia Meloni a rencontr\u00e9 la Pr\u00e9sidente du Parlement europ\u00e9en, Roberta Metsola, la Pr\u00e9sidente de la Commission europ\u00e9enne, Ursula von der Leyen, et le Pr\u00e9sident du Conseil europ\u00e9en, Charles Michel.<\/p>\n<p>Le point de presse<a href=\"https:\/\/youtu.be\/OgHoC_FzKBM\"> est visible ici (en italien)<\/a><\/p>\n<p>Credits photo: Palazzo Chigi<\/p>\n","protected":false},"excerpt":{"rendered":"Le Pr\u00e9sident du Conseil des ministres Giorgia Meloni a rencontr\u00e9 la Pr\u00e9sidente du Parlement europ\u00e9en, Roberta Metsola, la Pr\u00e9sidente de la Commission europ\u00e9enne, Ursula von der Leyen, et le Pr\u00e9sident du Conseil europ\u00e9en, Charles Michel. Le point de presse est visible ici (en italien) Credits photo: Palazzo Chigi","protected":false},"author":1,"featured_media":0,"comment_status":"","ping_status":"","sticky":false,"template":"","format":"standard","meta":{"footnotes":""},"tags":[],"class_list":["post-682","post","type-post","status-publish","format-standard","hentry"],"_links":{"self":[{"href":"https:\/\/italiaue.esteri.it\/fr\/wp-json\/wp\/v2\/posts\/682","targetHints":{"allow":["GET"]}}],"collection":[{"href":"https:\/\/italiaue.esteri.it\/fr\/wp-json\/wp\/v2\/posts"}],"about":[{"href":"https:\/\/italiaue.esteri.it\/fr\/wp-json\/wp\/v2\/types\/post"}],"author":[{"embeddable":true,"href":"https:\/\/italiaue.esteri.it\/fr\/wp-json\/wp\/v2\/users\/1"}],"replies":[{"embeddable":true,"href":"https:\/\/italiaue.esteri.it\/fr\/wp-json\/wp\/v2\/comments?post=682"}],"version-history":[{"count":0,"href":"https:\/\/italiaue.esteri.it\/fr\/wp-json\/wp\/v2\/posts\/682\/revisions"}],"wp:attachment":[{"href":"https:\/\/italiaue.esteri.it\/fr\/wp-json\/wp\/v2\/media?parent=682"}],"wp:term":[{"taxonomy":"post_tag","embeddable":true,"href":"https:\/\/italiaue.esteri.it\/fr\/wp-json\/wp\/v2\/tags?post=682"}],"curies":[{"name":"wp","href":"https:\/\/api.w.org\/{rel}","templated":true}]}}