{"id":4395,"date":"2024-12-17T19:00:30","date_gmt":"2024-12-17T18:00:30","guid":{"rendered":"https:\/\/italiaue.esteri.it\/?p=4395"},"modified":"2024-12-17T19:02:35","modified_gmt":"2024-12-17T18:02:35","slug":"sommet-ue-balkans-occidentaux-18-12-2024","status":"publish","type":"post","link":"https:\/\/italiaue.esteri.it\/fr\/news\/dalla_rappresentanza\/2024\/12\/sommet-ue-balkans-occidentaux-18-12-2024\/","title":{"rendered":"Sommet UE-Balkans occidentaux 18.12.2024"},"content":{"rendered":"<p>Les dirigeants de l&#8217;UE et des Balkans occidentaux se r\u00e9unissent \u00e0 Bruxelles le 18 d\u00e9cembre. L&#8217;Italie est repr\u00e9sent\u00e9e par le Premier ministre Giorgia Meloni.<\/p>\n<p>Le sommet est l&#8217;occasion de donner un nouvel \u00e9lan au partenariat strat\u00e9gique entre l&#8217;Union europ\u00e9enne et les Balkans occidentaux, et notamment de r\u00e9fl\u00e9chir \u00e0 la mani\u00e8re de renforcer cette collaboration et d&#8217;avancer ensemble vers un avenir commun au sein de l&#8217;Union europ\u00e9enne.<\/p>\n<p>Plus d&#8217;informations sont disponibles sur <a href=\"https:\/\/www.consilium.europa.eu\/fr\/meetings\/international-summit\/2024\/12\/18\/\">cette page<\/a> (site externe).<\/p>\n<p>&nbsp;<\/p>\n","protected":false},"excerpt":{"rendered":"Les dirigeants de l&#8217;UE et des Balkans occidentaux se r\u00e9unissent \u00e0 Bruxelles le 18 d\u00e9cembre. L&#8217;Italie est repr\u00e9sent\u00e9e par le Premier ministre Giorgia Meloni. Le sommet est l&#8217;occasion de donner un nouvel \u00e9lan au partenariat strat\u00e9gique entre l&#8217;Union europ\u00e9enne et les Balkans occidentaux, et notamment de r\u00e9fl\u00e9chir \u00e0 la mani\u00e8re de renforcer cette collaboration et [&hellip;]","protected":false},"author":5,"featured_media":2128,"comment_status":"closed","ping_status":"closed","sticky":false,"template":"","format":"standard","meta":{"footnotes":""},"tags":[],"class_list":["post-4395","post","type-post","status-publish","format-standard","has-post-thumbnail","hentry"],"_links":{"self":[{"href":"https:\/\/italiaue.esteri.it\/fr\/wp-json\/wp\/v2\/posts\/4395","targetHints":{"allow":["GET"]}}],"collection":[{"href":"https:\/\/italiaue.esteri.it\/fr\/wp-json\/wp\/v2\/posts"}],"about":[{"href":"https:\/\/italiaue.esteri.it\/fr\/wp-json\/wp\/v2\/types\/post"}],"author":[{"embeddable":true,"href":"https:\/\/italiaue.esteri.it\/fr\/wp-json\/wp\/v2\/users\/5"}],"replies":[{"embeddable":true,"href":"https:\/\/italiaue.esteri.it\/fr\/wp-json\/wp\/v2\/comments?post=4395"}],"version-history":[{"count":1,"href":"https:\/\/italiaue.esteri.it\/fr\/wp-json\/wp\/v2\/posts\/4395\/revisions"}],"predecessor-version":[{"id":4396,"href":"https:\/\/italiaue.esteri.it\/fr\/wp-json\/wp\/v2\/posts\/4395\/revisions\/4396"}],"wp:featuredmedia":[{"embeddable":true,"href":"https:\/\/italiaue.esteri.it\/fr\/wp-json\/wp\/v2\/media\/2128"}],"wp:attachment":[{"href":"https:\/\/italiaue.esteri.it\/fr\/wp-json\/wp\/v2\/media?parent=4395"}],"wp:term":[{"taxonomy":"post_tag","embeddable":true,"href":"https:\/\/italiaue.esteri.it\/fr\/wp-json\/wp\/v2\/tags?post=4395"}],"curies":[{"name":"wp","href":"https:\/\/api.w.org\/{rel}","templated":true}]}}