{"id":4178,"date":"2024-12-02T10:37:23","date_gmt":"2024-12-02T09:37:23","guid":{"rendered":"https:\/\/italiaue.esteri.it\/?p=4178"},"modified":"2024-12-02T10:44:56","modified_gmt":"2024-12-02T09:44:56","slug":"conseil-epsco-emploi-et-politique-sociale-02-12-2024","status":"publish","type":"post","link":"https:\/\/italiaue.esteri.it\/fr\/news\/dalla_rappresentanza\/2024\/12\/conseil-epsco-emploi-et-politique-sociale-02-12-2024\/","title":{"rendered":"Conseil EPSCO Emploi et Politique sociale 02.12.2024"},"content":{"rendered":"<p>Le Conseil EPSCO Emploi et Politique sociale se r\u00e9unit aujourd&#8217;hui \u00e0 Bruxelles.<br \/>\nParmi les points \u00e0 l&#8217;ordre du jour :<\/p>\n<ul>\n<li>Directive sur les stages<\/li>\n<li>Solutions globales aux d\u00e9fis d\u00e9mographiques<\/li>\n<li>P\u00e9nuries de main-d&#8217;\u0153uvre et de comp\u00e9tences dans l&#8217;UE<\/li>\n<li>Inclusion sociale des personnes handicap\u00e9es<\/li>\n<li>Semestre europ\u00e9en 2025<\/li>\n<\/ul>\n<p>Plus d&#8217;informations sont disponibles <a href=\"https:\/\/www.consilium.europa.eu\/fr\/meetings\/epsco\/2024\/12\/02\/\">sur cette page<\/a> (site externe)<\/p>\n","protected":false},"excerpt":{"rendered":"Le Conseil EPSCO Emploi et Politique sociale se r\u00e9unit aujourd&#8217;hui \u00e0 Bruxelles. Parmi les points \u00e0 l&#8217;ordre du jour : Directive sur les stages Solutions globales aux d\u00e9fis d\u00e9mographiques P\u00e9nuries de main-d&#8217;\u0153uvre et de comp\u00e9tences dans l&#8217;UE Inclusion sociale des personnes handicap\u00e9es Semestre europ\u00e9en 2025 Plus d&#8217;informations sont disponibles sur cette page (site externe)","protected":false},"author":5,"featured_media":4169,"comment_status":"closed","ping_status":"closed","sticky":false,"template":"","format":"standard","meta":{"footnotes":""},"tags":[],"class_list":["post-4178","post","type-post","status-publish","format-standard","has-post-thumbnail","hentry"],"_links":{"self":[{"href":"https:\/\/italiaue.esteri.it\/fr\/wp-json\/wp\/v2\/posts\/4178","targetHints":{"allow":["GET"]}}],"collection":[{"href":"https:\/\/italiaue.esteri.it\/fr\/wp-json\/wp\/v2\/posts"}],"about":[{"href":"https:\/\/italiaue.esteri.it\/fr\/wp-json\/wp\/v2\/types\/post"}],"author":[{"embeddable":true,"href":"https:\/\/italiaue.esteri.it\/fr\/wp-json\/wp\/v2\/users\/5"}],"replies":[{"embeddable":true,"href":"https:\/\/italiaue.esteri.it\/fr\/wp-json\/wp\/v2\/comments?post=4178"}],"version-history":[{"count":1,"href":"https:\/\/italiaue.esteri.it\/fr\/wp-json\/wp\/v2\/posts\/4178\/revisions"}],"predecessor-version":[{"id":4180,"href":"https:\/\/italiaue.esteri.it\/fr\/wp-json\/wp\/v2\/posts\/4178\/revisions\/4180"}],"wp:featuredmedia":[{"embeddable":true,"href":"https:\/\/italiaue.esteri.it\/fr\/wp-json\/wp\/v2\/media\/4169"}],"wp:attachment":[{"href":"https:\/\/italiaue.esteri.it\/fr\/wp-json\/wp\/v2\/media?parent=4178"}],"wp:term":[{"taxonomy":"post_tag","embeddable":true,"href":"https:\/\/italiaue.esteri.it\/fr\/wp-json\/wp\/v2\/tags?post=4178"}],"curies":[{"name":"wp","href":"https:\/\/api.w.org\/{rel}","templated":true}]}}