{"id":1456,"date":"2025-01-28T07:00:59","date_gmt":"2025-01-28T06:00:59","guid":{"rendered":"https:\/\/italiaue.esteri.it\/?p=1456"},"modified":"2025-01-28T12:17:44","modified_gmt":"2025-01-28T11:17:44","slug":"conseil-affaires-generales-10-07-2023","status":"publish","type":"post","link":"https:\/\/italiaue.esteri.it\/fr\/news\/dalla_rappresentanza\/2025\/01\/conseil-affaires-generales-10-07-2023\/","title":{"rendered":"Conseil Affaires g\u00e9n\u00e9rales 28.01.2025"},"content":{"rendered":"<p>Le Conseil \u00ab Affaires g\u00e9n\u00e9rales \u00bb se r\u00e9unit \u00e0 Bruxelles, avec la participation, pour l&#8217;Italie, du Ministre des Affaires europ\u00e9ennes, du PNRR et des politiques de coh\u00e9sion, Tommaso Foti.<\/p>\n<p>Parmi les sujets \u00e0 l&#8217;ordre du jour :<\/p>\n<ul>\n<li>Priorit\u00e9s de la pr\u00e9sidence polonaise<\/li>\n<li>Dialogue annuel sur l&#8217;\u00c9tat de droit avec une discussion sp\u00e9cifique sur la situation de l&#8217;\u00c9tat de droit en Hongrie, au Portugal, en Roumanie et en Slov\u00e9nie.<\/li>\n<\/ul>\n<p>Plus d&#8217;informations <a href=\"https:\/\/www.consilium.europa.eu\/fr\/meetings\/gac\/2024\/11\/19\/\">ici<\/a> (site externe)<\/p>\n","protected":false},"excerpt":{"rendered":"Le Conseil \u00ab Affaires g\u00e9n\u00e9rales \u00bb se r\u00e9unit \u00e0 Bruxelles, avec la participation, pour l&#8217;Italie, du Ministre des Affaires europ\u00e9ennes, du PNRR et des politiques de coh\u00e9sion, Tommaso Foti. Parmi les sujets \u00e0 l&#8217;ordre du jour : Priorit\u00e9s de la pr\u00e9sidence polonaise Dialogue annuel sur l&#8217;\u00c9tat de droit avec une discussion sp\u00e9cifique sur la situation [&hellip;]","protected":false},"author":5,"featured_media":4497,"comment_status":"closed","ping_status":"closed","sticky":false,"template":"","format":"standard","meta":{"footnotes":""},"tags":[],"class_list":["post-1456","post","type-post","status-publish","format-standard","has-post-thumbnail","hentry"],"_links":{"self":[{"href":"https:\/\/italiaue.esteri.it\/fr\/wp-json\/wp\/v2\/posts\/1456","targetHints":{"allow":["GET"]}}],"collection":[{"href":"https:\/\/italiaue.esteri.it\/fr\/wp-json\/wp\/v2\/posts"}],"about":[{"href":"https:\/\/italiaue.esteri.it\/fr\/wp-json\/wp\/v2\/types\/post"}],"author":[{"embeddable":true,"href":"https:\/\/italiaue.esteri.it\/fr\/wp-json\/wp\/v2\/users\/5"}],"replies":[{"embeddable":true,"href":"https:\/\/italiaue.esteri.it\/fr\/wp-json\/wp\/v2\/comments?post=1456"}],"version-history":[{"count":6,"href":"https:\/\/italiaue.esteri.it\/fr\/wp-json\/wp\/v2\/posts\/1456\/revisions"}],"predecessor-version":[{"id":4508,"href":"https:\/\/italiaue.esteri.it\/fr\/wp-json\/wp\/v2\/posts\/1456\/revisions\/4508"}],"wp:featuredmedia":[{"embeddable":true,"href":"https:\/\/italiaue.esteri.it\/fr\/wp-json\/wp\/v2\/media\/4497"}],"wp:attachment":[{"href":"https:\/\/italiaue.esteri.it\/fr\/wp-json\/wp\/v2\/media?parent=1456"}],"wp:term":[{"taxonomy":"post_tag","embeddable":true,"href":"https:\/\/italiaue.esteri.it\/fr\/wp-json\/wp\/v2\/tags?post=1456"}],"curies":[{"name":"wp","href":"https:\/\/api.w.org\/{rel}","templated":true}]}}